{"id":26690,"date":"2022-09-09T17:55:16","date_gmt":"2022-09-09T15:55:16","guid":{"rendered":"https:\/\/ei-design.org\/?p=26690"},"modified":"2022-09-15T17:13:34","modified_gmt":"2022-09-15T15:13:34","slug":"eidesign-milan-fashion-week-sep-2022","status":"publish","type":"post","link":"https:\/\/ei-design.org\/es\/2022\/09\/09\/eidesign-milan-fashion-week-sep-2022\/","title":{"rendered":"eiDesign POP-UP | Milan Fashion Week Sep 2022"},"content":{"rendered":"<p><span style=\"font-size: 120%;\">Felices de estar presentes de nuevo el pr\u00f3ximo 19 de Septiembre durante <strong>Milan<\/strong><strong> Fashion Week<\/strong>\u00a0por primera vez tras la emergencia COVID, con nuestro habitual\u00a0<span style=\"background-color: #00ffff;\"><strong>Pop-Up Store<\/strong><\/span>. El \u00fanico en la ciudad de Mil\u00e1n que volver\u00e1 a reunir exclusivamente a marcas y dise\u00f1adores independientes espa\u00f1oles, latinoamericanos e italianos , con exhibici\u00f3n y venta de sus productos durante 14 d\u00edas.\u00a0<strong>\u00bfNuestro objetivo?\u00a0<\/strong>seguir ofreciendo a marcas y dise\u00f1adores la oportunidad de presentar sus creaciones en uno de los eventos de moda m\u00e1s importantes del mundo. Adem\u00e1s de volver a recrear un escaparate para profesionales y apasionados del mundo de la moda, donde descubrir productos exclusivos con un hilo conductor vinculado en particular a la cultura mediterr\u00e1nea.<\/span><\/p>\n<p>\u00a0<\/p>\n<h1 style=\"text-align: center;\"><span style=\"color: #02f0f0; font-size: 120%;\"><strong>Un viaje a trav\u00e9s de la cultura de la moda Mediterr\u00e1nea, el ADN de sus creativos y a la identidad de sus lugares<\/strong><\/span><\/h1>\n<p>\u00a0<\/p>\n<p><span style=\"font-size: 115%;\"><span style=\"color: #282828;\"><strong>eiDesign Pop-Up Store<\/strong>\u00a0<\/span>es un viaje a trav\u00e9s de la cultura de la moda Mediterr\u00e1nea, al ADN de sus creativos y a la identidad de sus lugares. Para esta\u00a0<span style=\"color: #282828;\"><strong>III Edici\u00f3n de EIDESIGN MFW ,<\/strong><\/span>hemos realizado una cuidadosa selecci\u00f3n de 18 marcas y dise\u00f1adores con un hilo conductor vinculado a la sostenibilidad y tradici\u00f3n de su cultura.<\/span><\/p>\n<p><span style=\"font-size: 115%;\"><strong><span style=\"background-color: #00ffff; color: #282828;\">Desde Chile<\/span>,<\/strong>\u00a0dise\u00f1adores revelaci\u00f3n como\u00a0<strong>Guido Vera<\/strong><strong>\u00a0<\/strong>y su colecci\u00f3n \"Ready to Wear\" con una gran carga intencional de mostrar el pasado y el presente de Chile a trav\u00e9s de tejidos tecnol\u00f3gicos restantes y sostenibles; \u00a0<span style=\"color: #282828;\"><strong>Ropa de Genero<\/strong><\/span>\u00a0marca conocida por su exploraci\u00f3n de fibras sobre el cuerpo, presentar\u00e1 sus colecciones \"Continentes\" y \"Tejido Escapular\".\u00a0<strong><span style=\"background-color: #00ffff; color: #282828;\">Desde Espa\u00f1a<\/span>,<\/strong>\u00a0(entre otros)\u00a0<span style=\"color: #282828;\"><strong>Carola Monje<\/strong> <\/span>y <span style=\"color: #282828;\"><strong>Yvan Andreu<\/strong><\/span><em> ganador<\/em> de Samsung Ego Innovation Project award <em>Mercedes Benz Fashion<\/em> Week Madrid 2020, nos presentar\u00e1 su nueva colecci\u00f3n \"More than human\" , para concluir nuestro viaje en <span style=\"background-color: #00ffff; color: #282828;\"><strong>Italia<\/strong><\/span>, con interesantes  marcas como<span style=\"color: #282828;\"><strong>\u00a0Miracapalbio <\/strong><\/span>con su colecci\u00f3n de gafas Maremma inspiradas en la geometr\u00eda de los campos cultivados, vi\u00f1edos y almenas del castillo de Capalbio, coraz\u00f3n palpitante de su proyecto.<\/span><\/p>\n<p>\u00a0<\/p>\n<figure id=\"attachment_26704\" aria-describedby=\"caption-attachment-26704\" style=\"width: 800px\" class=\"wp-caption aligncenter\"><a href=\"https:\/\/ei-design.org\/wp-content\/uploads\/2022\/09\/image00004.jpg\"><img loading=\"lazy\" class=\"wp-image-26704\" src=\"https:\/\/ei-design.org\/wp-content\/uploads\/2022\/09\/image00004.jpg\" alt=\"\" width=\"800\" height=\"1216\" \/><\/a><figcaption id=\"caption-attachment-26704\" class=\"wp-caption-text\">GUIDO VERA<\/figcaption><\/figure>\n<p>\u00a0<\/p>\n<figure id=\"attachment_26705\" aria-describedby=\"caption-attachment-26705\" style=\"width: 800px\" class=\"wp-caption aligncenter\"><a href=\"https:\/\/ei-design.org\/wp-content\/uploads\/2022\/09\/2mosaic.jpg\"><img loading=\"lazy\" class=\"wp-image-26705 size-medium\" src=\"https:\/\/ei-design.org\/wp-content\/uploads\/2022\/09\/2mosaic-800x319.jpg\" alt=\"\" width=\"800\" height=\"319\" srcset=\"https:\/\/ei-design.org\/wp-content\/uploads\/2022\/09\/2mosaic-800x319.jpg 800w, https:\/\/ei-design.org\/wp-content\/uploads\/2022\/09\/2mosaic-768x306.jpg 768w, https:\/\/ei-design.org\/wp-content\/uploads\/2022\/09\/2mosaic-16x6.jpg 16w, https:\/\/ei-design.org\/wp-content\/uploads\/2022\/09\/2mosaic.jpg 946w\" sizes=\"(max-width: 800px) 100vw, 800px\" \/><\/a><figcaption id=\"caption-attachment-26705\" class=\"wp-caption-text\">ROPA DE GENERO<\/figcaption><\/figure>\n<p><span style=\"font-size: 115%;\">Y no solo! este a\u00f1o nuestro Pop-Up Store llega acompa\u00f1ado de un programa de eventos durante Mil\u00e1n Fashion Week con\u00a0<span style=\"background-color: #00ffff; color: #282828;\"><strong>instalaciones visuales<\/strong>\u00a0y\u00a0<strong>DJ set Keyoshin<\/strong><\/span>\u00a0en colaboraci\u00f3n con<span style=\"color: #ff006f;\">\u00a0<a style=\"color: #ff006f;\" href=\"http:\/\/www.chandelierstudio.it\/\">Chandelier Studio<\/a>.<\/span><\/span><\/p>\n<p>\u00a0<\/p>\n<p style=\"text-align: left;\"><span style=\"color: #282828; background-color: #00ffff;\"><strong><span style=\"font-size: 115%; background-color: #00ffff;\">Todo esto y mucho m\u00e1s junto a nuetra selecci\u00f3n de marcas y dise\u00f1adores:<\/span><\/strong><\/span><span style=\"font-size: 115%;\">\u00a0 Ropa de G\u00e9nero,<\/span><span style=\"font-size: 115%;\">Yvan Andreu, Ilaria Bonardi jewels, Pepa Flaca, Stu , Guido Vera, Carola Monje, Chavarriaga, Malaika, Miracapalbio, I&#8217;AM, Moar jewels, N0va, Anarela, Elyssanne Schuurman, Earthwear and Bottega Bernard.<\/span><\/p>\n<p>\u00a0<\/p>\n<p style=\"text-align: left;\"><span style=\"color: #282828; background-color: #00ffff;\"><strong><span style=\"font-size: 115%; background-color: #00ffff;\">Y por supuesto junto a nuestros partners: <\/span><\/strong><\/span><span style=\"font-size: 115%;\"><span style=\"color: #ff006f;\">\u00a0<a style=\"color: #ff006f;\" href=\"http:\/\/www.chandelierstudio.it\/\">Chanderlier.studio<\/a>,\u00a0<a style=\"color: #ff006f;\" href=\"http:\/\/www.glassmateria.it\/\">Glassmateria<\/a>,\u00a0<a style=\"color: #ff006f;\" href=\"http:\/\/www.aplem.it\/\">Aplem<\/a>,\u00a0<a style=\"color: #ff006f;\" href=\"https:\/\/elbossdeltaco.plateform.app\/\">El boss del Taco<\/a>, Vintage print.<\/span>\u00a0<\/span><\/p>\n<p style=\"text-align: center;\"><span style=\"font-size: 115%;\">OS ESPERAMOS!<\/span><\/p>\n<p>\u00a0<\/p>\n<p><a href=\"https:\/\/ei-design.org\/wp-content\/uploads\/2022\/09\/1pie-de-pagina-partners-scaled.jpg\"><img loading=\"lazy\" class=\"alignnone wp-image-26713 size-full\" src=\"https:\/\/ei-design.org\/wp-content\/uploads\/2022\/09\/1pie-de-pagina-partners-scaled.jpg\" alt=\"\" width=\"2560\" height=\"546\" srcset=\"https:\/\/ei-design.org\/wp-content\/uploads\/2022\/09\/1pie-de-pagina-partners-scaled.jpg 2560w, https:\/\/ei-design.org\/wp-content\/uploads\/2022\/09\/1pie-de-pagina-partners-800x171.jpg 800w, https:\/\/ei-design.org\/wp-content\/uploads\/2022\/09\/1pie-de-pagina-partners-1400x298.jpg 1400w, https:\/\/ei-design.org\/wp-content\/uploads\/2022\/09\/1pie-de-pagina-partners-768x164.jpg 768w, https:\/\/ei-design.org\/wp-content\/uploads\/2022\/09\/1pie-de-pagina-partners-1536x327.jpg 1536w, https:\/\/ei-design.org\/wp-content\/uploads\/2022\/09\/1pie-de-pagina-partners-2048x437.jpg 2048w, https:\/\/ei-design.org\/wp-content\/uploads\/2022\/09\/1pie-de-pagina-partners-16x3.jpg 16w, https:\/\/ei-design.org\/wp-content\/uploads\/2022\/09\/1pie-de-pagina-partners-1000x213.jpg 1000w\" sizes=\"(max-width: 2560px) 100vw, 2560px\" \/><\/a><\/p>\n<h3 style=\"text-align: center;\"><span style=\"background-color: #00ffff; color: #282828;\"><strong>CALENDARIO EIDESIGN POP UP STORE MFW<\/strong><\/span><\/h3>\n<h2>\u00a0<\/h2>\n<h2 style=\"text-align: center;\"><span style=\"color: #02f0f0;\"><strong>&#8220;OPENING PARTY&#8221; Meet our designers<\/strong><\/span><\/h2>\n<p style=\"text-align: center;\"><span style=\"font-size: 120%;\"><span style=\"color: #282828;\"><strong>20 Septiembre 2022<\/strong><\/span>\u00a0\u2013 19:00\/22:00\u00a0<\/span><\/p>\n<p style=\"text-align: center;\">Meet our designers<\/p>\n<p style=\"text-align: center;\">Free cocktail + DJ Set Keyoskin<\/p>\n<p style=\"text-align: center;\"><span style=\"color: #282828;\"><strong>Apply<\/strong>:<\/span><span style=\"color: #ff006f;\">\u00a0<a style=\"color: #ff006f;\" href=\"https:\/\/www.eventbrite.it\/e\/414580650887\">https:\/\/www.eventbrite.it\/e\/414580650887<\/a><\/span><\/p>\n<hr \/>\n<h3>\u00a0<\/h3>\n<h2 style=\"text-align: center;\"><span style=\"color: #02f0f0;\"><strong>chavarriaga \u201cTHE KING OF BROKEN HEART\u201d<\/strong><\/span><\/h2>\n<p style=\"text-align: center;\"><span style=\"font-size: 120%;\"><span style=\"color: #282828;\"><strong>23 Septiembre 2022<\/strong><\/span>\u00a0\u2013 19:00\/22:00\u00a0<\/span><\/p>\n<p style=\"text-align: center;\">\u00danete a nosotros para el lanzamiento del cortometraje animado El rey del coraz\u00f3n roto de Linda Tragno y Dzhamilia Meredova x chavarriaga, dise\u00f1adora colombiana con sede en Mil\u00e1n.<\/p>\n<p style=\"text-align: center;\">Free cocktail + DJ Set Keyoskin<\/p>\n<p style=\"text-align: center;\"><span style=\"color: #282828;\"><strong>Apply<\/strong><\/span><span style=\"color: #ff006f;\"><span style=\"color: #282828;\">:<\/span><a style=\"color: #ff006f;\" href=\"https:\/\/www.eventbrite.it\/e\/412519536037\">\u00a0https:\/\/www.eventbrite.it\/e\/412519536037<\/a><\/span><\/p>\n<hr \/>\n<h3>\u00a0<\/h3>\n<h2 style=\"text-align: center;\"><span style=\"color: #02f0f0;\"><strong>Yvan Andreu \u201cMORE THAN HUMAN\u201d<\/strong><\/span><\/h2>\n<p style=\"text-align: center;\"><span style=\"font-size: 120%;\"><span style=\"color: #282828;\"><strong>24 Septiembre 2022<\/strong><\/span>\u00a0\u2013 19:00\/22:00\u00a0<\/span><\/p>\n<p style=\"text-align: center;\">Acomp\u00e1\u00f1anos y conoce en persona a Yvan Andreu y su colecci\u00f3n \u201cMore than human\u201d<\/p>\n<p style=\"text-align: center;\">Free cocktail + DJ Set Keyoskin<\/p>\n<p style=\"text-align: center;\"><span style=\"color: #282828;\"><strong>Apply: <\/strong><span style=\"color: #f70057;\"><a style=\"color: #f70057;\" href=\"https:\/\/www.eventbrite.it\/e\/420491751147\">https:\/\/www.eventbrite.it\/e\/420491751147<\/a><\/span><\/span><\/p>\n<p>\u00a0<\/p>","protected":false},"excerpt":{"rendered":"<p>We&#8217;re happy to be present again on September 19 during Milan Fashion Week\u00a0for the first time after the COVID emergency, with our usual\u00a0Pop-Up Store. The only one in the city of Milan that will bring together again exclusively Spanish, Latin American and Italian independent brands and designers, with exhibition and sale of their products for [&#8230;]","protected":false},"author":8,"featured_media":26731,"comment_status":"closed","ping_status":"open","sticky":false,"template":"","format":"standard","meta":[],"categories":[471,142],"tags":[],"_links":{"self":[{"href":"https:\/\/ei-design.org\/es\/wp-json\/wp\/v2\/posts\/26690"}],"collection":[{"href":"https:\/\/ei-design.org\/es\/wp-json\/wp\/v2\/posts"}],"about":[{"href":"https:\/\/ei-design.org\/es\/wp-json\/wp\/v2\/types\/post"}],"author":[{"embeddable":true,"href":"https:\/\/ei-design.org\/es\/wp-json\/wp\/v2\/users\/8"}],"replies":[{"embeddable":true,"href":"https:\/\/ei-design.org\/es\/wp-json\/wp\/v2\/comments?post=26690"}],"version-history":[{"count":88,"href":"https:\/\/ei-design.org\/es\/wp-json\/wp\/v2\/posts\/26690\/revisions"}],"predecessor-version":[{"id":26798,"href":"https:\/\/ei-design.org\/es\/wp-json\/wp\/v2\/posts\/26690\/revisions\/26798"}],"wp:featuredmedia":[{"embeddable":true,"href":"https:\/\/ei-design.org\/es\/wp-json\/wp\/v2\/media\/26731"}],"wp:attachment":[{"href":"https:\/\/ei-design.org\/es\/wp-json\/wp\/v2\/media?parent=26690"}],"wp:term":[{"taxonomy":"category","embeddable":true,"href":"https:\/\/ei-design.org\/es\/wp-json\/wp\/v2\/categories?post=26690"},{"taxonomy":"post_tag","embeddable":true,"href":"https:\/\/ei-design.org\/es\/wp-json\/wp\/v2\/tags?post=26690"}],"curies":[{"name":"wp","href":"https:\/\/api.w.org\/{rel}","templated":true}]}}