{"id":26465,"date":"2022-06-21T16:20:42","date_gmt":"2022-06-21T14:20:42","guid":{"rendered":"https:\/\/ei-design.org\/?p=26465"},"modified":"2022-06-23T17:42:41","modified_gmt":"2022-06-23T15:42:41","slug":"orange-the-color-of-the-moment","status":"publish","type":"post","link":"https:\/\/ei-design.org\/es\/2022\/06\/21\/orange-the-color-of-the-moment\/","title":{"rendered":"NARANJA | el color del momento"},"content":{"rendered":"<p><span style=\"font-size: 120%;\"><strong><span style=\"color: #0000ff; background-color: #c4ffff;\">Fashion<\/span><\/strong>\u00a0| <span style=\"color: #333333;\">Con la llegada del buen tiempo, las calles se visten de color. En esta temporada las pasarelas se llenan de prendas de tonalidades vivas que desprenden vitalidad y alegr\u00eda. Por eso, no es de extra\u00f1ar que los colores fl\u00faor hayan vuelto a hacerse hueco en el sector de la moda, aunque sin lugar a dudas el color que destaca esta temporada es el naranja.<\/span><\/span><\/p>\n<p><span style=\"font-size: 120%; color: #333333;\">Son muchos los dise\u00f1adores que han a\u00f1adido el naranja a sus creaciones, dejando ver prendas te\u00f1idas de diferentes gamas de este tono, desde tonalidades tierra a tonalidades m\u00e1s vivas.<\/span><\/p>\n<p>\u00a0<\/p>\n<h3 style=\"text-align: center;\"><span style=\"font-size: 110%;\"><strong><span style=\"background-color: #00ffff;\">Las marcas mediterr\u00e1neas que apuestan por este color<\/span><\/strong><\/span><\/h3>\n<p>\u00a0<\/p>\n<p><span style=\"font-size: 120%; color: #333333;\">Estas son algunas de las firmas que se han decantado por a\u00f1adir tonalidades naranjas a sus prendas. Cada una de ellas ha incorporado esta tonalidad a sus colecciones en diferentes estilos, sin dejar de perder la esencia que transmiten cada una de estas marcas.<\/span><\/p>\n<p>\u00a0<\/p>\n<figure id=\"attachment_26578\" aria-describedby=\"caption-attachment-26578\" style=\"width: 700px\" class=\"wp-caption aligncenter\"><a href=\"https:\/\/ei-design.org\/wp-content\/uploads\/2022\/06\/alliwant.jpg\"><img loading=\"lazy\" class=\"wp-image-26578\" src=\"https:\/\/ei-design.org\/wp-content\/uploads\/2022\/06\/alliwant.jpg\" alt=\"\" width=\"700\" height=\"1026\" srcset=\"https:\/\/ei-design.org\/wp-content\/uploads\/2022\/06\/alliwant.jpg 547w, https:\/\/ei-design.org\/wp-content\/uploads\/2022\/06\/alliwant-273x400.jpg 273w, https:\/\/ei-design.org\/wp-content\/uploads\/2022\/06\/alliwant-546x800.jpg 546w, https:\/\/ei-design.org\/wp-content\/uploads\/2022\/06\/alliwant-8x12.jpg 8w\" sizes=\"(max-width: 700px) 100vw, 700px\" \/><\/a><figcaption id=\"caption-attachment-26578\" class=\"wp-caption-text\">Photo: @alliwantmoda<\/figcaption><\/figure>\n<p>\u00a0<\/p>\n<figure id=\"attachment_26579\" aria-describedby=\"caption-attachment-26579\" style=\"width: 700px\" class=\"wp-caption aligncenter\"><a href=\"https:\/\/ei-design.org\/wp-content\/uploads\/2022\/06\/vestido-etna-1-1.jpg\"><img loading=\"lazy\" class=\"wp-image-26579\" src=\"https:\/\/ei-design.org\/wp-content\/uploads\/2022\/06\/vestido-etna-1-1-532x800.jpg\" alt=\"\" width=\"700\" height=\"1052\" srcset=\"https:\/\/ei-design.org\/wp-content\/uploads\/2022\/06\/vestido-etna-1-1-532x800.jpg 532w, https:\/\/ei-design.org\/wp-content\/uploads\/2022\/06\/vestido-etna-1-1-266x400.jpg 266w, https:\/\/ei-design.org\/wp-content\/uploads\/2022\/06\/vestido-etna-1-1-768x1154.jpg 768w, https:\/\/ei-design.org\/wp-content\/uploads\/2022\/06\/vestido-etna-1-1-8x12.jpg 8w, https:\/\/ei-design.org\/wp-content\/uploads\/2022\/06\/vestido-etna-1-1.jpg 948w\" sizes=\"(max-width: 700px) 100vw, 700px\" \/><\/a><figcaption id=\"caption-attachment-26579\" class=\"wp-caption-text\">Photo: @basyco_jerez<\/figcaption><\/figure>\n<p>\u00a0<\/p>\n<figure id=\"attachment_26487\" aria-describedby=\"caption-attachment-26487\" style=\"width: 700px\" class=\"wp-caption aligncenter\"><a href=\"https:\/\/ei-design.org\/wp-content\/uploads\/2022\/06\/0610_HimbaCollection2_1197-2_1000x.jpg.png\"><img loading=\"lazy\" class=\"wp-image-26487\" src=\"https:\/\/ei-design.org\/wp-content\/uploads\/2022\/06\/0610_HimbaCollection2_1197-2_1000x.jpg-267x400.png\" alt=\"\" width=\"700\" height=\"1050\" srcset=\"https:\/\/ei-design.org\/wp-content\/uploads\/2022\/06\/0610_HimbaCollection2_1197-2_1000x.jpg-267x400.png 267w, https:\/\/ei-design.org\/wp-content\/uploads\/2022\/06\/0610_HimbaCollection2_1197-2_1000x.jpg-533x800.png 533w, https:\/\/ei-design.org\/wp-content\/uploads\/2022\/06\/0610_HimbaCollection2_1197-2_1000x.jpg-768x1152.png 768w, https:\/\/ei-design.org\/wp-content\/uploads\/2022\/06\/0610_HimbaCollection2_1197-2_1000x.jpg-8x12.png 8w, https:\/\/ei-design.org\/wp-content\/uploads\/2022\/06\/0610_HimbaCollection2_1197-2_1000x.jpg.png 1000w\" sizes=\"(max-width: 700px) 100vw, 700px\" \/><\/a><figcaption id=\"caption-attachment-26487\" class=\"wp-caption-text\">Photo: @himbacollection<\/figcaption><\/figure>\n<p>\u00a0<\/p>","protected":false},"excerpt":{"rendered":"<p>Fashion\u00a0| With the arrival of good weather, the streets are dressed in color. In this season, the catwalks are filled with garments of vivid tones that give off vitality and joy. Therefore, it is not surprising that fluorine colors have once again made their way into the fashion sector, although, without a doubt, the color [&#8230;]","protected":false},"author":232,"featured_media":26469,"comment_status":"closed","ping_status":"open","sticky":false,"template":"","format":"standard","meta":[],"categories":[142],"tags":[],"_links":{"self":[{"href":"https:\/\/ei-design.org\/es\/wp-json\/wp\/v2\/posts\/26465"}],"collection":[{"href":"https:\/\/ei-design.org\/es\/wp-json\/wp\/v2\/posts"}],"about":[{"href":"https:\/\/ei-design.org\/es\/wp-json\/wp\/v2\/types\/post"}],"author":[{"embeddable":true,"href":"https:\/\/ei-design.org\/es\/wp-json\/wp\/v2\/users\/232"}],"replies":[{"embeddable":true,"href":"https:\/\/ei-design.org\/es\/wp-json\/wp\/v2\/comments?post=26465"}],"version-history":[{"count":37,"href":"https:\/\/ei-design.org\/es\/wp-json\/wp\/v2\/posts\/26465\/revisions"}],"predecessor-version":[{"id":26589,"href":"https:\/\/ei-design.org\/es\/wp-json\/wp\/v2\/posts\/26465\/revisions\/26589"}],"wp:featuredmedia":[{"embeddable":true,"href":"https:\/\/ei-design.org\/es\/wp-json\/wp\/v2\/media\/26469"}],"wp:attachment":[{"href":"https:\/\/ei-design.org\/es\/wp-json\/wp\/v2\/media?parent=26465"}],"wp:term":[{"taxonomy":"category","embeddable":true,"href":"https:\/\/ei-design.org\/es\/wp-json\/wp\/v2\/categories?post=26465"},{"taxonomy":"post_tag","embeddable":true,"href":"https:\/\/ei-design.org\/es\/wp-json\/wp\/v2\/tags?post=26465"}],"curies":[{"name":"wp","href":"https:\/\/api.w.org\/{rel}","templated":true}]}}