{"id":13560,"date":"2020-06-13T00:00:00","date_gmt":"2020-06-12T22:00:00","guid":{"rendered":"https:\/\/www.ei-design.org\/?p=13560"},"modified":"2021-12-21T18:10:37","modified_gmt":"2021-12-21T17:10:37","slug":"velvetlab-eidesign-selection-mdw-2020","status":"publish","type":"post","link":"https:\/\/ei-design.org\/es\/2020\/06\/13\/velvetlab-eidesign-selection-mdw-2020\/","title":{"rendered":"VELVETLAB | Autenticidad y emoci\u00f3n."},"content":{"rendered":"<p><span style=\"color: #f0b4b4;\"><span style=\"font-size: 110%;\"><span style=\"background-color: #f7d0dc; color: #f50045;\">Interior design<\/span><\/span><strong><span style=\"font-size: 100%;\"><span style=\"background-color: #f7d0dc; color: #f50045;\"><span style=\"background-color: #ffffff; color: #f0b4b4;\"> |\u00a0<\/span><\/span><\/span><\/strong><\/span><span style=\"font-size: 110%;\">Un estilo que va m\u00e1s all\u00e1 de los esquemas, que supera cualquier tipo de convenci\u00f3n y que pone la utilidad, la funcionalidad y la innovaci\u00f3n en primer lugar.<\/span><\/p>\n<p><span style=\"font-size: 110%;\">Es el dise\u00f1o de Gianluca Bocchetta originario de Chieri, provincia de Tur\u00edn, en 1983. Tras licenciarse como top\u00f3grafo, continu\u00f3 sus estudios de arquitectura y dise\u00f1o industrial trabajando, entonces, en algunos estudios y empresas de Tur\u00edn.<\/span><\/p>\n<p><span style=\"font-size: 110%;\">Nel 2012, forte dell\u2019esperienza acquisita e della passione del creare, fonda VELVET, il suo studio di progettazione di interior e product design.<\/span><\/p>\n<p><span style=\"font-size: 110%;\">Un proyecto que nace de la necesidad del dise\u00f1ador de dar sentido a los espacios. Una investigaci\u00f3n constante y perpetua de los sentimientos de quienes lo habitan, dando espacio a lo que el lugar transmite y no a lo que se pretende.<\/span><\/p>\n<p>\u00a0<\/p>\n<figure id=\"attachment_15616\" aria-describedby=\"caption-attachment-15616\" style=\"width: 1179px\" class=\"wp-caption aligncenter\"><img loading=\"lazy\" class=\"wp-image-15616 size-full\" src=\"https:\/\/ei-design.org\/wp-content\/uploads\/2021\/01\/baja-video-MUTA1-5.jpg\" alt=\"\" width=\"1179\" height=\"725\" srcset=\"https:\/\/ei-design.org\/wp-content\/uploads\/2021\/01\/baja-video-MUTA1-5.jpg 1179w, https:\/\/ei-design.org\/wp-content\/uploads\/2021\/01\/baja-video-MUTA1-5-1000x615.jpg 1000w, https:\/\/ei-design.org\/wp-content\/uploads\/2021\/01\/baja-video-MUTA1-5-650x400.jpg 650w, https:\/\/ei-design.org\/wp-content\/uploads\/2021\/01\/baja-video-MUTA1-5-768x472.jpg 768w, https:\/\/ei-design.org\/wp-content\/uploads\/2021\/01\/baja-video-MUTA1-5-16x10.jpg 16w\" sizes=\"(max-width: 1179px) 100vw, 1179px\" \/><figcaption id=\"caption-attachment-15616\" class=\"wp-caption-text\">Muta<\/figcaption><\/figure>\n<p><span style=\"font-size: 110%;\">\u00a0\u201c<i>Sea cual sea la forma, cada proyecto debe despertar una emoci\u00f3n \u00fanica, debe mejorar la vida, debe ser una experiencia aut\u00e9ntica.<\/i>\u201d\u00a0<\/span><\/p>\n<p><span style=\"font-size: 110%;\">As\u00ed es como describe su idea del dise\u00f1o, que traduce en creaciones y proyectos poco convencionales en los que, antes que la belleza, se impone la utilidad, la emoci\u00f3n de vivir.<\/span><\/p>\n<p><span style=\"font-size: 110%;\">Espacios ergon\u00f3micos e innovadores en los que todo se dise\u00f1a y crea a partir de las relaciones humanas que constituyen la esencia misma del proyecto.<\/span><\/p>\n<p>\u00a0<\/p>\n<figure id=\"attachment_15614\" aria-describedby=\"caption-attachment-15614\" style=\"width: 567px\" class=\"wp-caption aligncenter\"><img loading=\"lazy\" class=\"wp-image-15614 size-full\" src=\"https:\/\/ei-design.org\/wp-content\/uploads\/2021\/01\/baja-MUTA1-4.jpg\" alt=\"\" width=\"567\" height=\"850\" srcset=\"https:\/\/ei-design.org\/wp-content\/uploads\/2021\/01\/baja-MUTA1-4.jpg 567w, https:\/\/ei-design.org\/wp-content\/uploads\/2021\/01\/baja-MUTA1-4-267x400.jpg 267w, https:\/\/ei-design.org\/wp-content\/uploads\/2021\/01\/baja-MUTA1-4-534x800.jpg 534w, https:\/\/ei-design.org\/wp-content\/uploads\/2021\/01\/baja-MUTA1-4-8x12.jpg 8w\" sizes=\"(max-width: 567px) 100vw, 567px\" \/><figcaption id=\"caption-attachment-15614\" class=\"wp-caption-text\">Muta<\/figcaption><\/figure>\n<p><span style=\"font-size: 110%;\">Una esencia vibrante que lleva consigo la pasi\u00f3n y la inventiva \u00fanicas del dise\u00f1ador, y que transmite un entusiasmo cada vez mayor y un profundo conocimiento de la sociedad que nos rodea.\u00a0<\/span><\/p>\n<p><span style=\"font-size: 110%;\">La persona inspira toda creaci\u00f3n y \u00e9sta, a su vez, manifiesta la personalidad y las necesidades m\u00e1s intr\u00ednsecas y ocultas. Los deseos ocultos y las ideas nunca expresadas que cobran vida a trav\u00e9s de las l\u00edneas, las formas y los colores.<\/span><\/p>\n<p>\u00a0<\/p>\n<p><img loading=\"lazy\" class=\"aligncenter wp-image-14586 size-full\" src=\"https:\/\/ei-design.org\/wp-content\/uploads\/2020\/11\/baja-video-VELVET_IN-4.jpg\" alt=\"\" width=\"1200\" height=\"800\" srcset=\"https:\/\/ei-design.org\/wp-content\/uploads\/2020\/11\/baja-video-VELVET_IN-4.jpg 1200w, https:\/\/ei-design.org\/wp-content\/uploads\/2020\/11\/baja-video-VELVET_IN-4-1000x667.jpg 1000w, https:\/\/ei-design.org\/wp-content\/uploads\/2020\/11\/baja-video-VELVET_IN-4-600x400.jpg 600w, https:\/\/ei-design.org\/wp-content\/uploads\/2020\/11\/baja-video-VELVET_IN-4-768x512.jpg 768w, https:\/\/ei-design.org\/wp-content\/uploads\/2020\/11\/baja-video-VELVET_IN-4-16x12.jpg 16w\" sizes=\"(max-width: 1200px) 100vw, 1200px\" \/><\/p>\n<p>\u00a0<\/p>\n<p><span style=\"font-size: 110%;\">Pero es en 2018 cuando la evoluci\u00f3n del dise\u00f1o del estudio se muestra con toda su fuerza. La necesidad de transmitir su creatividad sin ninguna contaminaci\u00f3n, donde el proyecto privilegia la emoci\u00f3n.\u00a0<\/span><\/p>\n<p><span style=\"font-size: 110%;\">Nace Muta1, una colecci\u00f3n de accesorios de decoraci\u00f3n de l\u00edneas sensuales y controvertidas. Donde la esencialidad se une a la calidad de los materiales, dando vida a objetos originales y aut\u00e9nticos.<\/span><\/p>\n<p>\u00a0<\/p>\n<p><img loading=\"lazy\" class=\"aligncenter wp-image-14585 size-full\" src=\"https:\/\/ei-design.org\/wp-content\/uploads\/2020\/11\/video-VELVET_IN-3.jpg\" alt=\"\" width=\"1200\" height=\"800\" srcset=\"https:\/\/ei-design.org\/wp-content\/uploads\/2020\/11\/video-VELVET_IN-3.jpg 1200w, https:\/\/ei-design.org\/wp-content\/uploads\/2020\/11\/video-VELVET_IN-3-1000x667.jpg 1000w, https:\/\/ei-design.org\/wp-content\/uploads\/2020\/11\/video-VELVET_IN-3-600x400.jpg 600w, https:\/\/ei-design.org\/wp-content\/uploads\/2020\/11\/video-VELVET_IN-3-768x512.jpg 768w, https:\/\/ei-design.org\/wp-content\/uploads\/2020\/11\/video-VELVET_IN-3-16x12.jpg 16w\" sizes=\"(max-width: 1200px) 100vw, 1200px\" \/><\/p>\n<p>\u00a0<\/p>\n<h4><span style=\"font-size: 110%;\">Creaciones que hablan y transmiten una intencionada y buscada honestidad que va m\u00e1s all\u00e1 de lo que se ve. Un dise\u00f1o que redefine por completo la idea de producto dando vida a proyectos siempre nuevos, cautivadores y muy emotivos.<\/span><\/h4>\n<p>\u00a0<\/p>\n<p style=\"text-align: center;\"><span style=\"font-size: 100%; color: #33cccc;\">INFO: <a style=\"color: #33cccc;\" href=\"http:\/\/www.velvet-lab.com\/\">www.velvet-lab.com<\/a><\/span><strong><br \/><\/strong><\/p>","protected":false},"excerpt":{"rendered":"<p>Autenticidad y emoci\u00f3n Un estilo que va m\u00e1s all\u00e1 de los esquemas, que supera cualquier tipo de convenci\u00f3n y que antepone la utilidad, la funcionalidad y la innovaci\u00f3n. Este es el dise\u00f1o de Gianluca Bocchetta, nacido en Chieri, en la provincia de Tur\u00edn, en 1983. Tras licenciarse como top\u00f3grafo, continu\u00f3 sus estudios de arquitectura y [...]","protected":false},"author":9,"featured_media":14582,"comment_status":"closed","ping_status":"open","sticky":false,"template":"","format":"standard","meta":[],"categories":[127],"tags":[],"_links":{"self":[{"href":"https:\/\/ei-design.org\/es\/wp-json\/wp\/v2\/posts\/13560"}],"collection":[{"href":"https:\/\/ei-design.org\/es\/wp-json\/wp\/v2\/posts"}],"about":[{"href":"https:\/\/ei-design.org\/es\/wp-json\/wp\/v2\/types\/post"}],"author":[{"embeddable":true,"href":"https:\/\/ei-design.org\/es\/wp-json\/wp\/v2\/users\/9"}],"replies":[{"embeddable":true,"href":"https:\/\/ei-design.org\/es\/wp-json\/wp\/v2\/comments?post=13560"}],"version-history":[{"count":16,"href":"https:\/\/ei-design.org\/es\/wp-json\/wp\/v2\/posts\/13560\/revisions"}],"predecessor-version":[{"id":24999,"href":"https:\/\/ei-design.org\/es\/wp-json\/wp\/v2\/posts\/13560\/revisions\/24999"}],"wp:featuredmedia":[{"embeddable":true,"href":"https:\/\/ei-design.org\/es\/wp-json\/wp\/v2\/media\/14582"}],"wp:attachment":[{"href":"https:\/\/ei-design.org\/es\/wp-json\/wp\/v2\/media?parent=13560"}],"wp:term":[{"taxonomy":"category","embeddable":true,"href":"https:\/\/ei-design.org\/es\/wp-json\/wp\/v2\/categories?post=13560"},{"taxonomy":"post_tag","embeddable":true,"href":"https:\/\/ei-design.org\/es\/wp-json\/wp\/v2\/tags?post=13560"}],"curies":[{"name":"wp","href":"https:\/\/api.w.org\/{rel}","templated":true}]}}