{"id":11768,"date":"2020-02-14T16:12:00","date_gmt":"2020-02-14T16:12:00","guid":{"rendered":"http:\/\/www.ei-design.org\/?p=11768"},"modified":"2021-12-21T18:12:16","modified_gmt":"2021-12-21T17:12:16","slug":"elisa-belometi-eidesign-mfw","status":"publish","type":"post","link":"https:\/\/ei-design.org\/es\/2020\/02\/14\/elisa-belometi-eidesign-mfw\/","title":{"rendered":"ELISA BELOMETI | Moda ecosostenible con bajo impacto ambiental"},"content":{"rendered":"<p><span style=\"font-size: 110%;\"><span style=\"color: #b2ced4;\"><span style=\"background-color: #00ffff; color: #0000ff;\">Fashion<\/span><\/span> <\/span><strong><span style=\"color: #b2ced4;\">| <\/span><\/strong><span style=\"font-size: 110%;\">Elisa Belometi,\u00a0 ha puntato a una moda ecosostenibile a basso impatto ambientale. Preoccupata sugli effetti negativi che l\u2019industria della moda pu\u00f2 provocare sulla biodiversit\u00e0, sull\u2019ambiente, realizza capi che durano nel tempo e quindi sono totalmente artigianali. Essendo sempre stata fin da piccola attratta da ogni cosa che la natura pu\u00f2 offrire, cerca di avere uno spreco minore dei materiali utilizzati. Nelle sue creazioni ritroviamo sempre la presenza della natura &#8220;per me un semplice ramo, un fiore, un ruscello o un paesaggio \u00e8 un\u2019ispirazione&#8221;.\u00a0<\/span><\/p>\n<p>\u00a0<\/p>\n<p><img loading=\"lazy\" class=\"aligncenter wp-image-18261 size-full\" src=\"https:\/\/ei-design.org\/wp-content\/uploads\/2021\/04\/destacada-photo1-9.jpg\" alt=\"\" width=\"851\" height=\"516\" srcset=\"https:\/\/ei-design.org\/wp-content\/uploads\/2021\/04\/destacada-photo1-9.jpg 851w, https:\/\/ei-design.org\/wp-content\/uploads\/2021\/04\/destacada-photo1-9-660x400.jpg 660w, https:\/\/ei-design.org\/wp-content\/uploads\/2021\/04\/destacada-photo1-9-768x466.jpg 768w, https:\/\/ei-design.org\/wp-content\/uploads\/2021\/04\/destacada-photo1-9-16x10.jpg 16w, https:\/\/ei-design.org\/wp-content\/uploads\/2021\/04\/destacada-photo1-9-600x364.jpg 600w\" sizes=\"(max-width: 851px) 100vw, 851px\" \/><\/p>\n<p>\u00a0<\/p>\n<p><span style=\"font-size: 110%;\">A Elisa le gusta usar colores claros y oscuros, combinarlos de varias maneras y usar principalmente colores s\u00f3lidos, estampados hechos solo con materiales de tintes naturales como ra\u00edces o especias. Entre los tejidos utiliza los m\u00e1s tradicionales como el algod\u00f3n y el lino pero tambi\u00e9n algunos menos convencionales, como el bamb\u00fa, el c\u00e1\u00f1amo, la ortiga y el ramio. Elisa quer\u00eda darle a su marca un estilo simple, casual, elegante, chic y hasta un poco deportivo, pensando tambi\u00e9n en la practicidad, en el d\u00eda a d\u00eda. De hecho, sus creaciones son adecuadas para cualquier actividad diaria y para todas las edades.<\/span><\/p>\n<p>\u00a0<\/p>\n<p><img loading=\"lazy\" class=\"wp-image-18262 size-full\" src=\"https:\/\/ei-design.org\/wp-content\/uploads\/2021\/04\/AF76BC89-D77B-44A1-BB97-F2898557C09A.jpg\" alt=\"\" width=\"977\" height=\"696\" srcset=\"https:\/\/ei-design.org\/wp-content\/uploads\/2021\/04\/AF76BC89-D77B-44A1-BB97-F2898557C09A.jpg 977w, https:\/\/ei-design.org\/wp-content\/uploads\/2021\/04\/AF76BC89-D77B-44A1-BB97-F2898557C09A-561x400.jpg 561w, https:\/\/ei-design.org\/wp-content\/uploads\/2021\/04\/AF76BC89-D77B-44A1-BB97-F2898557C09A-768x547.jpg 768w, https:\/\/ei-design.org\/wp-content\/uploads\/2021\/04\/AF76BC89-D77B-44A1-BB97-F2898557C09A-16x12.jpg 16w, https:\/\/ei-design.org\/wp-content\/uploads\/2021\/04\/AF76BC89-D77B-44A1-BB97-F2898557C09A-600x427.jpg 600w\" sizes=\"(max-width: 977px) 100vw, 977px\" \/><\/p>\n<p>\u00a0<\/p>\n<p>\u00a0<\/p>\n<p>\u00a0<\/p>","protected":false},"excerpt":{"rendered":"<p>Elisa Belometi se ha centrado en la moda eco-sostenible con un bajo impacto ambiental. Preocupada por los efectos negativos que la industria de la moda puede causar en la biodiversidad, el medio ambiente y la piel, hace prendas que perduran en el tiempo, [...]","protected":false},"author":8,"featured_media":19541,"comment_status":"closed","ping_status":"open","sticky":false,"template":"","format":"standard","meta":[],"categories":[142],"tags":[],"_links":{"self":[{"href":"https:\/\/ei-design.org\/es\/wp-json\/wp\/v2\/posts\/11768"}],"collection":[{"href":"https:\/\/ei-design.org\/es\/wp-json\/wp\/v2\/posts"}],"about":[{"href":"https:\/\/ei-design.org\/es\/wp-json\/wp\/v2\/types\/post"}],"author":[{"embeddable":true,"href":"https:\/\/ei-design.org\/es\/wp-json\/wp\/v2\/users\/8"}],"replies":[{"embeddable":true,"href":"https:\/\/ei-design.org\/es\/wp-json\/wp\/v2\/comments?post=11768"}],"version-history":[{"count":10,"href":"https:\/\/ei-design.org\/es\/wp-json\/wp\/v2\/posts\/11768\/revisions"}],"predecessor-version":[{"id":25000,"href":"https:\/\/ei-design.org\/es\/wp-json\/wp\/v2\/posts\/11768\/revisions\/25000"}],"wp:featuredmedia":[{"embeddable":true,"href":"https:\/\/ei-design.org\/es\/wp-json\/wp\/v2\/media\/19541"}],"wp:attachment":[{"href":"https:\/\/ei-design.org\/es\/wp-json\/wp\/v2\/media?parent=11768"}],"wp:term":[{"taxonomy":"category","embeddable":true,"href":"https:\/\/ei-design.org\/es\/wp-json\/wp\/v2\/categories?post=11768"},{"taxonomy":"post_tag","embeddable":true,"href":"https:\/\/ei-design.org\/es\/wp-json\/wp\/v2\/tags?post=11768"}],"curies":[{"name":"wp","href":"https:\/\/api.w.org\/{rel}","templated":true}]}}